{"id":340,"date":"2012-07-20T16:14:05","date_gmt":"2012-07-20T21:14:05","guid":{"rendered":"http:\/\/cocinadepalas.com\/?p=340"},"modified":"2020-10-24T18:26:16","modified_gmt":"2020-10-24T23:26:16","slug":"mis-productos","status":"publish","type":"post","link":"https:\/\/cocinadepalas.com\/?p=340","title":{"rendered":"Mis Productos"},"content":{"rendered":"<p style=\"text-align: justify;\">Las cosas suceden de una forma curiosa. Cuando naci\u00f3 este blog no ten\u00eda ni la idea de empezar a comercializar los productos que hac\u00eda en casa para mi familia y amigos. Hasta que algunos de esos amigos los piropearon diciendo que eran tan buenos que se podr\u00edan vender sin problemas.<\/p>\n<p style=\"text-align: justify;\">Esa semilla que se sembr\u00f3 meses atr\u00e1s y se concret\u00f3 con la primera cliente, mi buena amiga Paulina Simon que me compr\u00f3 una mantequilla de man\u00ed y una pasta de chocoavellana (no vamos a usar nombres comerciales pero ustedes saben a qu\u00e9 manjar me refiero).<\/p>\n<p style=\"text-align: justify;\">Desde ese momento hasta ac\u00e1 la idea fue tomando forma y es as\u00ed que la semana pasada en Guayaquil consegu\u00ed los envases y me entusiasm\u00e9 tanto que empec\u00e9 a recibir pedidos y entregar algunos productos. \u00a1Fue una locura! Les agradezco a esos primeros clientes y amigos, salidos casi todos de Twitter, por su confianza en mi y por el entusiasmo que me transmitieron en estos inicios de un negocio dulce y delicioso.<\/p>\n<p style=\"text-align: justify;\">La Cocina de Palas se abre para ustedes, queridos lectores de Quito y Guayaquil (aunque podemos coordinar el env\u00edo a otras ciudades, ya llegaron unos productos a Portoviejo). \u00a0Los productos disponibles para su paladar son estos:<\/p>\n<h3 style=\"text-align: justify;\">Mermeladas<\/h3>\n<p style=\"text-align: justify; padding-left: 60px;\">Frutos Rojos (Frutilla, Mora y Frambuesa)<\/p>\n<p style=\"text-align: justify; padding-left: 60px;\">Kiwy + Banana<\/p>\n<p style=\"text-align: justify; padding-left: 60px;\"><span style=\"font-size: 1em;\">Aj\u00ed + Pimiento morr\u00f3n\u00a0<\/span><\/p>\n<p style=\"text-align: justify; padding-left: 60px;\"><span style=\"font-size: 1em;\">Cebolla<\/span><\/p>\n<p style=\"text-align: justify; padding-left: 60px;\">Frutilla + Menta<\/p>\n<p style=\"text-align: justify; padding-left: 60px;\"><span style=\"font-size: 1em;\">Naranja<\/span><\/p>\n<p style=\"padding-left: 60px;\"><span style=\"font-size: 1em;\">Mandarina<\/span><\/p>\n<p style=\"padding-left: 60px;\"><span style=\"font-size: 1em;\">Tomate de \u00e1rbol<\/span><\/p>\n<p style=\"padding-left: 60px;\"><span style=\"font-size: 1em;\">Pi\u00f1a<\/span><\/p>\n<h3><span style=\"font-size: 1em;\">Chutney de mango y especias<\/span><\/h3>\n<h3><span style=\"font-size: 1em;\">Mantequilla de man\u00ed<\/span><\/h3>\n<h3><span style=\"font-size: 1em;\">Pasta Gianduia (Chocolate y avellanas)<\/span><\/h3>\n<h3 align=\"justify\"><\/h3>\n<p align=\"justify\">Ir\u00e9 modificando esta lista seg\u00fan vaya experimentando con sabores y mezclas.<\/p>\n<p align=\"justify\">Luego de varios meses de usar las etiquetas de esta foto, que las hice con un generador gratuito encontrado por ah\u00ed, \u00a1el dise\u00f1o lleg\u00f3 a La Cocina de Palas!<\/p>\n<p style=\"text-align: center;\" align=\"justify\"><img loading=\"lazy\" class=\" wp-image-481 aligncenter\" title=\"Exoticas2w2\" src=\"http:\/\/cocinadepalas.com\/wp-content\/uploads\/2012\/07\/Exoticas2w2.jpg\" alt=\"\" width=\"553\" height=\"243\" srcset=\"https:\/\/cocinadepalas.com\/wp-content\/uploads\/2012\/07\/Exoticas2w2.jpg 1024w, https:\/\/cocinadepalas.com\/wp-content\/uploads\/2012\/07\/Exoticas2w2-300x131.jpg 300w\" sizes=\"(max-width: 553px) 100vw, 553px\" \/><\/p>\n<p align=\"justify\">El nuevo dise\u00f1o, que se refleja tambi\u00e9n en esta web, son creaciones de la genial, creativa y, sobre todo, maravillosa amiga, Ana Cristina Vela @anacrix.<\/p>\n<p style=\"text-align: center;\" align=\"justify\"><img loading=\"lazy\" class=\"aligncenter wp-image-831\" src=\"http:\/\/cocinadepalas.com\/wp-content\/uploads\/2012\/07\/Etiquetas2.jpg\" alt=\"Etiquetas2\" width=\"518\" height=\"389\" \/><\/p>\n<p align=\"justify\">Todos se elaboran bajo pedido, artesanalmente, con ingredientes frescos y sin preservantes. Me pueden hacer sus pedidos y sugerencias en la cuenta de Twitter \u00a0<strong><span style=\"color: #ff0000;\">@LaCocinadePalas<\/span><\/strong> o al correo <strong><span style=\"color: #ff0000;\">palas@cocinadepalas.com<\/span><\/strong>. Y por supuesto, a trav\u00e9s de esta misma p\u00e1gina en la opci\u00f3n <a href=\"http:\/\/cocinadepalas.com\/?page_id=1176\">Productos<\/a>.<\/p>\n<p align=\"justify\">PD: Tambi\u00e9n anduve de vacaciones as\u00ed que por eso no he subido nuevas recetas pero ya tengo algunas en mente para pr\u00f3ximas entradas, \u00a1no crean que voy a abandonar el blog!<\/p>\n","protected":false},"excerpt":{"rendered":"<p align=\"justify\">Las cosas suceden de una forma curiosa. Cuando naci\u00f3 este blog no ten\u00eda ni la idea de empezar a comercializar los productos que hac\u00eda en casa para mi familia y amigos. Hasta que algunos de esos amigos los piropearon diciendo que eran tan buenos que se podr\u00edan vender sin problemas. <\/p>\n","protected":false},"author":1,"featured_media":826,"comment_status":"closed","ping_status":"open","sticky":false,"template":"","format":"standard","meta":{"_et_pb_use_builder":"","_et_pb_old_content":"","_et_gb_content_width":"","wprm-recipe-roundup-name":"","wprm-recipe-roundup-description":""},"categories":[59],"tags":[],"_links":{"self":[{"href":"https:\/\/cocinadepalas.com\/index.php?rest_route=\/wp\/v2\/posts\/340"}],"collection":[{"href":"https:\/\/cocinadepalas.com\/index.php?rest_route=\/wp\/v2\/posts"}],"about":[{"href":"https:\/\/cocinadepalas.com\/index.php?rest_route=\/wp\/v2\/types\/post"}],"author":[{"embeddable":true,"href":"https:\/\/cocinadepalas.com\/index.php?rest_route=\/wp\/v2\/users\/1"}],"replies":[{"embeddable":true,"href":"https:\/\/cocinadepalas.com\/index.php?rest_route=%2Fwp%2Fv2%2Fcomments&post=340"}],"version-history":[{"count":36,"href":"https:\/\/cocinadepalas.com\/index.php?rest_route=\/wp\/v2\/posts\/340\/revisions"}],"predecessor-version":[{"id":1773,"href":"https:\/\/cocinadepalas.com\/index.php?rest_route=\/wp\/v2\/posts\/340\/revisions\/1773"}],"wp:featuredmedia":[{"embeddable":true,"href":"https:\/\/cocinadepalas.com\/index.php?rest_route=\/wp\/v2\/media\/826"}],"wp:attachment":[{"href":"https:\/\/cocinadepalas.com\/index.php?rest_route=%2Fwp%2Fv2%2Fmedia&parent=340"}],"wp:term":[{"taxonomy":"category","embeddable":true,"href":"https:\/\/cocinadepalas.com\/index.php?rest_route=%2Fwp%2Fv2%2Fcategories&post=340"},{"taxonomy":"post_tag","embeddable":true,"href":"https:\/\/cocinadepalas.com\/index.php?rest_route=%2Fwp%2Fv2%2Ftags&post=340"}],"curies":[{"name":"wp","href":"https:\/\/api.w.org\/{rel}","templated":true}]}}